{"id":2804,"date":"2025-08-22T17:12:26","date_gmt":"2025-08-22T17:12:26","guid":{"rendered":"https:\/\/www.massimomaiorano.it\/maiorano\/?p=2804"},"modified":"2025-08-22T17:12:38","modified_gmt":"2025-08-22T17:12:38","slug":"dichiarazioni-dellad-del-gruppo-fs-e-dellad-di-trenitalia-piano-strategico-2025-2029","status":"publish","type":"post","link":"https:\/\/www.massimomaiorano.it\/maiorano\/dichiarazioni-dellad-del-gruppo-fs-e-dellad-di-trenitalia-piano-strategico-2025-2029\/","title":{"rendered":"DICHIARAZIONI DELL&#8217;AD DEL GRUPPO FS E DELL&#8217;AD DI TRENITALIA. PIANO STRATEGICO 2025-2029"},"content":{"rendered":"\n<p class=\"has-medium-font-size wp-block-paragraph\">Le dichiarazioni dell\u2019AD del Gruppo FS, Stefano Antonio Donnarumma, e dell\u2019AD di Trenitalia, Gianpiero Strisciuglio, confermano con chiarezza la direzione strategica intrapresa: il rinnovo della flotta regionale \u00e8 uno dei pilastri del Piano Strategico 2025\u20112029 e testimonia una visione di mobilit\u00e0 moderna, sostenibile ed efficiente.<\/p>\n\n\n\n<p class=\"has-medium-font-size wp-block-paragraph\">L\u2019impegno \u00e8 concreto: entro il 2027 saranno in servizio 1.061 convogli di nuova generazione, con un investimento complessivo di circa 7 miliardi di euro, rivolto a rinnovare l\u201980\u202f% della flotta regionale attuale \ufffc.<\/p>\n\n\n\n<p class=\"has-medium-font-size wp-block-paragraph\">Questo programma robusto si inserisce perfettamente nella visione del Governo e vede nel Ministro delle Infrastrutture e dei Trasporti Matteo Salvini un decisivo punto di riferimento politico e istituzionale. Il suo impegno per i territori e per la qualit\u00e0 dei servizi pubblici locali garantisce che le risorse messe in campo generino benefici concreti per cittadini, istituzioni e imprese.<\/p>\n\n\n\n<p class=\"has-medium-font-size wp-block-paragraph\">Anche la Puglia si conferma protagonista del rinnovamento: nel 2025, Trenitalia ha consegnato 3 nuovi convogli regionali alla nostra regione, per un investimento superiore a 33 milioni di euro, che si aggiungono ai 46 gi\u00e0 in esercizio, portando a 49 il totale dei treni di nuova generazione operativi sul territorio. Si tratta di un segnale importante che rafforza l\u2019attenzione verso una regione dalla mobilit\u00e0 essenziale per lo sviluppo socio-economico e per l\u2019inclusione dei cittadini.<\/p>\n\n\n\n<p class=\"has-medium-font-size wp-block-paragraph\">L\u2019Italia ha bisogno di un trasporto regionale all\u2019altezza delle sfide europee: pi\u00f9 sostenibile, pi\u00f9 sicuro, pi\u00f9 vicino alle comunit\u00e0 locali. Con questo piano e con la guida determinata del Governo, siamo sulla strada giusta.<\/p>\n\n\n\n<p class=\"has-medium-font-size wp-block-paragraph\">\u2e3b<\/p>\n\n\n\n<p class=\"has-medium-font-size wp-block-paragraph\">Massimo Maiorano<br>Componente del Collegio degli Esperti del Presidente della Regione Puglia<\/p>\n","protected":false},"excerpt":{"rendered":"<p>Le dichiarazioni dell\u2019AD del Gruppo FS, Stefano Antonio Donnarumma, e dell\u2019AD di Trenitalia, Gianpiero Strisciuglio, confermano con chiarezza la direzione strategica intrapresa: il rinnovo della flotta regionale \u00e8 uno dei pilastri del Piano Strategico 2025\u20112029 e testimonia una visione di mobilit\u00e0 moderna, sostenibile ed efficiente. L\u2019impegno \u00e8 concreto: entro il 2027 saranno in servizio 1.061 [&hellip;]<\/p>\n","protected":false},"author":1,"featured_media":2805,"comment_status":"open","ping_status":"open","sticky":false,"template":"","format":"standard","meta":{"ocean_front_end_style_editor":"no","ocean_post_layout":"","ocean_both_sidebars_style":"","ocean_both_sidebars_content_width":0,"ocean_both_sidebars_sidebars_width":0,"ocean_sidebar":"","ocean_second_sidebar":"","ocean_disable_margins":"enable","ocean_add_body_class":"","ocean_shortcode_before_top_bar":"","ocean_shortcode_after_top_bar":"","ocean_shortcode_before_header":"","ocean_shortcode_after_header":"","ocean_has_shortcode":"","ocean_shortcode_after_title":"","ocean_shortcode_before_footer_widgets":"","ocean_shortcode_after_footer_widgets":"","ocean_shortcode_before_footer_bottom":"","ocean_shortcode_after_footer_bottom":"","ocean_display_top_bar":"default","ocean_display_header":"default","ocean_header_style":"","ocean_center_header_left_menu":"","ocean_custom_header_template":"","ocean_custom_logo":0,"ocean_custom_retina_logo":0,"ocean_custom_logo_max_width":0,"ocean_custom_logo_tablet_max_width":0,"ocean_custom_logo_mobile_max_width":0,"ocean_custom_logo_max_height":0,"ocean_custom_logo_tablet_max_height":0,"ocean_custom_logo_mobile_max_height":0,"ocean_header_custom_menu":"","ocean_menu_typo_font_family":"","ocean_menu_typo_font_subset":"","ocean_menu_typo_font_size":0,"ocean_menu_typo_font_size_tablet":0,"ocean_menu_typo_font_size_mobile":0,"ocean_menu_typo_font_size_unit":"px","ocean_menu_typo_font_weight":"","ocean_menu_typo_font_weight_tablet":"","ocean_menu_typo_font_weight_mobile":"","ocean_menu_typo_transform":"","ocean_menu_typo_transform_tablet":"","ocean_menu_typo_transform_mobile":"","ocean_menu_typo_line_height":0,"ocean_menu_typo_line_height_tablet":0,"ocean_menu_typo_line_height_mobile":0,"ocean_menu_typo_line_height_unit":"","ocean_menu_typo_spacing":0,"ocean_menu_typo_spacing_tablet":0,"ocean_menu_typo_spacing_mobile":0,"ocean_menu_typo_spacing_unit":"","ocean_menu_link_color":"","ocean_menu_link_color_hover":"","ocean_menu_link_color_active":"","ocean_menu_link_background":"","ocean_menu_link_hover_background":"","ocean_menu_link_active_background":"","ocean_menu_social_links_bg":"","ocean_menu_social_hover_links_bg":"","ocean_menu_social_links_color":"","ocean_menu_social_hover_links_color":"","ocean_disable_title":"default","ocean_disable_heading":"default","ocean_post_title":"","ocean_post_subheading":"","ocean_post_title_style":"","ocean_post_title_background_color":"","ocean_post_title_background":0,"ocean_post_title_bg_image_position":"","ocean_post_title_bg_image_attachment":"","ocean_post_title_bg_image_repeat":"","ocean_post_title_bg_image_size":"","ocean_post_title_height":0,"ocean_post_title_bg_overlay":0.5,"ocean_post_title_bg_overlay_color":"","ocean_disable_breadcrumbs":"default","ocean_breadcrumbs_color":"","ocean_breadcrumbs_separator_color":"","ocean_breadcrumbs_links_color":"","ocean_breadcrumbs_links_hover_color":"","ocean_display_footer_widgets":"default","ocean_display_footer_bottom":"default","ocean_custom_footer_template":"","omw_enable_modal_window":"enable","ocean_post_oembed":"","ocean_post_self_hosted_media":"","ocean_post_video_embed":"","ocean_link_format":"","ocean_link_format_target":"self","ocean_quote_format":"","ocean_quote_format_link":"post","ocean_gallery_link_images":"on","ocean_gallery_id":[],"footnotes":""},"categories":[11],"tags":[21],"class_list":["post-2804","post","type-post","status-publish","format-standard","has-post-thumbnail","hentry","category-trasporti","tag-trasporti","entry","has-media"],"_links":{"self":[{"href":"https:\/\/www.massimomaiorano.it\/maiorano\/wp-json\/wp\/v2\/posts\/2804","targetHints":{"allow":["GET"]}}],"collection":[{"href":"https:\/\/www.massimomaiorano.it\/maiorano\/wp-json\/wp\/v2\/posts"}],"about":[{"href":"https:\/\/www.massimomaiorano.it\/maiorano\/wp-json\/wp\/v2\/types\/post"}],"author":[{"embeddable":true,"href":"https:\/\/www.massimomaiorano.it\/maiorano\/wp-json\/wp\/v2\/users\/1"}],"replies":[{"embeddable":true,"href":"https:\/\/www.massimomaiorano.it\/maiorano\/wp-json\/wp\/v2\/comments?post=2804"}],"version-history":[{"count":1,"href":"https:\/\/www.massimomaiorano.it\/maiorano\/wp-json\/wp\/v2\/posts\/2804\/revisions"}],"predecessor-version":[{"id":2806,"href":"https:\/\/www.massimomaiorano.it\/maiorano\/wp-json\/wp\/v2\/posts\/2804\/revisions\/2806"}],"wp:featuredmedia":[{"embeddable":true,"href":"https:\/\/www.massimomaiorano.it\/maiorano\/wp-json\/wp\/v2\/media\/2805"}],"wp:attachment":[{"href":"https:\/\/www.massimomaiorano.it\/maiorano\/wp-json\/wp\/v2\/media?parent=2804"}],"wp:term":[{"taxonomy":"category","embeddable":true,"href":"https:\/\/www.massimomaiorano.it\/maiorano\/wp-json\/wp\/v2\/categories?post=2804"},{"taxonomy":"post_tag","embeddable":true,"href":"https:\/\/www.massimomaiorano.it\/maiorano\/wp-json\/wp\/v2\/tags?post=2804"}],"curies":[{"name":"wp","href":"https:\/\/api.w.org\/{rel}","templated":true}]}}