{"id":2933,"date":"2026-03-02T11:04:08","date_gmt":"2026-03-02T11:04:08","guid":{"rendered":"https:\/\/www.massimomaiorano.it\/maiorano\/?p=2933"},"modified":"2026-03-02T11:04:08","modified_gmt":"2026-03-02T11:04:08","slug":"napoli-bari-rete-av-ac","status":"publish","type":"post","link":"https:\/\/www.massimomaiorano.it\/maiorano\/napoli-bari-rete-av-ac\/","title":{"rendered":"NAPOLI-BARI RETE AV\/AC"},"content":{"rendered":"\n<p class=\"has-medium-font-size wp-block-paragraph\">Sindaco <strong>Leccese<\/strong>, colpisce che proprio da Firenze a margine della convention \u201cManifattura delle idee \u2013 Un futuro per l\u2019Italia e l\u2019Europa\u201d lei abbia chiarito che la Napoli\u2013Bari sarebbe \u201cAlta Capacit\u00e0\u201d e non \u201cAlta Velocit\u00e0\u201d. Non si capisce il senso politico del ragionamento, sembra quasi stato assente da 20 anni su questo tema, ma \u00e8 bene essere precisi, la Napoli\u2013Bari \u00e8 un\u2019infrastruttura AV\/AC (Alta Velocit\u00e0 + Alta Capacit\u00e0), con tratti pi\u00f9 \u201cAV\u201d e altri pi\u00f9 \u201cAC\u201d. E in Europa una nuova linea attrezzata per velocit\u00e0 almeno 250 km\/h rientra nella definizione di alta velocit\u00e0. Quindi non \u00e8 una questione di etichette, \u00e8 una questione di standard e soprattutto di risultati.<\/p>\n\n\n\n<p class=\"has-medium-font-size wp-block-paragraph\">Risultati che, a regime, sono chiari, Bari\u2013Napoli in 2 ore e Bari\u2013Roma in 3 ore. E siccome l\u2019opera \u00e8 suddivisa in lotti, i benefici arrivano progressivamente, i primi effetti concreti si vedranno gi\u00e0 con la conclusione di alcuni cantieri entro fine anno, prima del completamento totale.<\/p>\n\n\n\n<p class=\"has-medium-font-size wp-block-paragraph\">Sul tema \u201cservizi\u201d e gestione post-PNRR, concordo, \u00e8 l\u00ec che si misura la credibilit\u00e0. Ma anche qui evitiamo narrazioni semplicistiche, il Gruppo FS ha dimostrato da sempre di saper reggere la gestione, e oggi lo sta programmando con ancora pi\u00f9 forza attraverso il Piano Strategico 2025\u20132029: manutenzione, rinnovo degli asset, digitalizzazione e rafforzamento degli organici con nuove assunzioni. Perch\u00e9 senza persone e manutenzione non esistono affidabilit\u00e0 e puntualit\u00e0.<\/p>\n\n\n\n<p class=\"has-medium-font-size wp-block-paragraph\">Detto questo, il punto decisivo resta Bari. E qui, mi permetta una valutazione netta ma istituzionalmente corretta, sia lei sia il suo predecessore, su questo tema, siete stati assenti. Lo dico da anni, la vera svolta \u00e8 separare i flussi, cio\u00e8 tenere distinto il trasporto metropolitano\/regionale da quello AV\/lunga percorrenza e merci, aumentando capacit\u00e0 e resilienza del nodo. Esattamente la logica che lei richiama da Firenze, dove la gestione dei flussi \u00e8 un tema centrale e realizzato.<\/p>\n\n\n\n<p class=\"has-medium-font-size wp-block-paragraph\">A Bari, invece, negli ultimi anni si \u00e8 spesso andati nella direzione opposta, una politica che, nei fatti, ha rischiato di penalizzare il servizio metropolitano\/regionale, come se il pendolare fosse un \u201ceffetto collaterale\u201d. Eppure in citt\u00e0 abbiamo circa 40 fermate ferroviarie, un patrimonio enorme, una metropolitana di superficie gi\u00e0 pronta, che va valorizzata e non compressa.<\/p>\n\n\n\n<p class=\"has-medium-font-size wp-block-paragraph\">\u00c8 per questo che al suo predecessore abbiamo gi\u00e0 risposto su un punto molto concreto, \u201cperch\u00e9 da Bari a Roma passa un Frecciarossa ogni 3\u20134 ore mentre tra Firenze e Roma hai frequenze altissime?\u201d. Perch\u00e9 la differenza la fanno capacit\u00e0 e separazione, servono assetti e binari dedicati, serve un nodo che non faccia confliggere tutto con tutto. In altre parole, se vuoi pari opportunit\u00e0, devi chiedere (e difendere) pi\u00f9 capacit\u00e0 reale nel nodo e una specializzazione dei binari che consenta di aumentare le frequenze senza far saltare il regionale.<\/p>\n\n\n\n<p class=\"has-medium-font-size wp-block-paragraph\">E qui un riconoscimento politico va fatto con forza, il Ministro Matteo Salvini si \u00e8 rimboccato le maniche e sta spingendo per accelerare cantieri e upgrading tecnologici su tutta la rete. Oggi ci sono oltre 1.300 cantieri, e nonostante questo continuano a circolare circa 10.000 treni al giorno, \u00e8 lo sforzo gigantesco di recuperare ritardi accumulati in decenni, modernizzando infrastrutture e sistemi senza fermare il Paese. E, s\u00ec, \u00e8 anche grazie a questa spinta che al Sud stiamo vedendo una stagione di investimenti che, per intensit\u00e0 e diffusione, non si vedeva da moltissimo tempo.<\/p>\n\n\n\n<p class=\"has-medium-font-size wp-block-paragraph\">Quindi bene parlare di servizi e post-PNRR. Ma allora serve coerenza e una scelta tecnica chiara, Bari deve avere un nodo potenziato e flussi separati, come nei nodi che funzionano davvero. Se il Sud chiede pari opportunit\u00e0, le chiede anche qui, capacit\u00e0, frequenze, puntualit\u00e0 e affidabilit\u00e0. Non slogan. Risultati.<\/p>\n\n\n\n<p class=\"has-medium-font-size wp-block-paragraph\"><strong>Massimo Maiorano<\/strong><br>gi\u00e0 Consigliere comunale della Citt\u00e0 di Bari<\/p>\n","protected":false},"excerpt":{"rendered":"<p>Sindaco Leccese, colpisce che proprio da Firenze a margine della convention \u201cManifattura delle idee \u2013 Un futuro per l\u2019Italia e l\u2019Europa\u201d lei abbia chiarito che la Napoli\u2013Bari sarebbe \u201cAlta Capacit\u00e0\u201d e non \u201cAlta Velocit\u00e0\u201d. Non si capisce il senso politico del ragionamento, sembra quasi stato assente da 20 anni su questo tema, ma \u00e8 bene [&hellip;]<\/p>\n","protected":false},"author":1,"featured_media":2934,"comment_status":"open","ping_status":"open","sticky":false,"template":"","format":"standard","meta":{"ocean_front_end_style_editor":"no","ocean_post_layout":"","ocean_both_sidebars_style":"","ocean_both_sidebars_content_width":0,"ocean_both_sidebars_sidebars_width":0,"ocean_sidebar":"","ocean_second_sidebar":"","ocean_disable_margins":"enable","ocean_add_body_class":"","ocean_shortcode_before_top_bar":"","ocean_shortcode_after_top_bar":"","ocean_shortcode_before_header":"","ocean_shortcode_after_header":"","ocean_has_shortcode":"","ocean_shortcode_after_title":"","ocean_shortcode_before_footer_widgets":"","ocean_shortcode_after_footer_widgets":"","ocean_shortcode_before_footer_bottom":"","ocean_shortcode_after_footer_bottom":"","ocean_display_top_bar":"default","ocean_display_header":"default","ocean_header_style":"","ocean_center_header_left_menu":"","ocean_custom_header_template":"","ocean_custom_logo":0,"ocean_custom_retina_logo":0,"ocean_custom_logo_max_width":0,"ocean_custom_logo_tablet_max_width":0,"ocean_custom_logo_mobile_max_width":0,"ocean_custom_logo_max_height":0,"ocean_custom_logo_tablet_max_height":0,"ocean_custom_logo_mobile_max_height":0,"ocean_header_custom_menu":"","ocean_menu_typo_font_family":"","ocean_menu_typo_font_subset":"","ocean_menu_typo_font_size":0,"ocean_menu_typo_font_size_tablet":0,"ocean_menu_typo_font_size_mobile":0,"ocean_menu_typo_font_size_unit":"px","ocean_menu_typo_font_weight":"","ocean_menu_typo_font_weight_tablet":"","ocean_menu_typo_font_weight_mobile":"","ocean_menu_typo_transform":"","ocean_menu_typo_transform_tablet":"","ocean_menu_typo_transform_mobile":"","ocean_menu_typo_line_height":0,"ocean_menu_typo_line_height_tablet":0,"ocean_menu_typo_line_height_mobile":0,"ocean_menu_typo_line_height_unit":"","ocean_menu_typo_spacing":0,"ocean_menu_typo_spacing_tablet":0,"ocean_menu_typo_spacing_mobile":0,"ocean_menu_typo_spacing_unit":"","ocean_menu_link_color":"","ocean_menu_link_color_hover":"","ocean_menu_link_color_active":"","ocean_menu_link_background":"","ocean_menu_link_hover_background":"","ocean_menu_link_active_background":"","ocean_menu_social_links_bg":"","ocean_menu_social_hover_links_bg":"","ocean_menu_social_links_color":"","ocean_menu_social_hover_links_color":"","ocean_disable_title":"default","ocean_disable_heading":"default","ocean_post_title":"","ocean_post_subheading":"","ocean_post_title_style":"","ocean_post_title_background_color":"","ocean_post_title_background":0,"ocean_post_title_bg_image_position":"","ocean_post_title_bg_image_attachment":"","ocean_post_title_bg_image_repeat":"","ocean_post_title_bg_image_size":"","ocean_post_title_height":0,"ocean_post_title_bg_overlay":0.5,"ocean_post_title_bg_overlay_color":"","ocean_disable_breadcrumbs":"default","ocean_breadcrumbs_color":"","ocean_breadcrumbs_separator_color":"","ocean_breadcrumbs_links_color":"","ocean_breadcrumbs_links_hover_color":"","ocean_display_footer_widgets":"default","ocean_display_footer_bottom":"default","ocean_custom_footer_template":"","omw_enable_modal_window":"enable","ocean_post_oembed":"","ocean_post_self_hosted_media":"","ocean_post_video_embed":"","ocean_link_format":"","ocean_link_format_target":"self","ocean_quote_format":"","ocean_quote_format_link":"post","ocean_gallery_link_images":"on","ocean_gallery_id":[],"footnotes":""},"categories":[11],"tags":[21],"class_list":["post-2933","post","type-post","status-publish","format-standard","has-post-thumbnail","hentry","category-trasporti","tag-trasporti","entry","has-media"],"_links":{"self":[{"href":"https:\/\/www.massimomaiorano.it\/maiorano\/wp-json\/wp\/v2\/posts\/2933","targetHints":{"allow":["GET"]}}],"collection":[{"href":"https:\/\/www.massimomaiorano.it\/maiorano\/wp-json\/wp\/v2\/posts"}],"about":[{"href":"https:\/\/www.massimomaiorano.it\/maiorano\/wp-json\/wp\/v2\/types\/post"}],"author":[{"embeddable":true,"href":"https:\/\/www.massimomaiorano.it\/maiorano\/wp-json\/wp\/v2\/users\/1"}],"replies":[{"embeddable":true,"href":"https:\/\/www.massimomaiorano.it\/maiorano\/wp-json\/wp\/v2\/comments?post=2933"}],"version-history":[{"count":1,"href":"https:\/\/www.massimomaiorano.it\/maiorano\/wp-json\/wp\/v2\/posts\/2933\/revisions"}],"predecessor-version":[{"id":2935,"href":"https:\/\/www.massimomaiorano.it\/maiorano\/wp-json\/wp\/v2\/posts\/2933\/revisions\/2935"}],"wp:featuredmedia":[{"embeddable":true,"href":"https:\/\/www.massimomaiorano.it\/maiorano\/wp-json\/wp\/v2\/media\/2934"}],"wp:attachment":[{"href":"https:\/\/www.massimomaiorano.it\/maiorano\/wp-json\/wp\/v2\/media?parent=2933"}],"wp:term":[{"taxonomy":"category","embeddable":true,"href":"https:\/\/www.massimomaiorano.it\/maiorano\/wp-json\/wp\/v2\/categories?post=2933"},{"taxonomy":"post_tag","embeddable":true,"href":"https:\/\/www.massimomaiorano.it\/maiorano\/wp-json\/wp\/v2\/tags?post=2933"}],"curies":[{"name":"wp","href":"https:\/\/api.w.org\/{rel}","templated":true}]}}